{"id":908,"date":"2017-05-23T07:42:28","date_gmt":"2017-05-23T07:42:28","guid":{"rendered":"http:\/\/www.michael-peinkofer.de\/?p=908"},"modified":"2017-05-23T07:46:32","modified_gmt":"2017-05-23T07:46:32","slug":"phoenix","status":"publish","type":"post","link":"https:\/\/www.michael-peinkofer.de\/?p=908","title":{"rendered":"PH\u00c3\u2013NIX"},"content":{"rendered":"<p>Die \u00dcberarbeitung von PH\u00d6NIX ist abgeschlossen &#8211; mein erster Roman im Bereich YA erscheint im Herbst bei ivi. Hier schon mal ein Vorgeschmack auf Inhalt und Cover &#8230;<\/p>\n<p>Die 15-j\u00e4hrige Callista und ihr 16-j\u00e4hriger Freund, der J\u00e4ger Lukan, leben in einem kleinen Dorf, deren Bewohner ein einfaches, b\u00e4uerliches Leben f\u00fchren. Tags\u00fcber scheint alles friedlich, doch mit Anbruch einer jeden Nacht beginnt der Schrecken: Geheimnisvolle Wesen, die noch niemand je zu Gesicht bekommen hat, gehen im Dunkel des Waldes auf die Jagd nach Menschen. Als Callistas kleiner Bruder verschwindet und sie und Lukan sich aufmachen, ihn zu suchen, offenbart sich ihnen eine ersch\u00fctternde Wahrheit &#8230;<\/p>\n<p><img loading=\"lazy\" decoding=\"async\" class=\"wp-image-911 aligncenter\" src=\"https:\/\/www.michael-peinkofer.de\/wp-content\/uploads\/2017\/05\/Ph\u00f6nix-189x300.jpg\" alt=\"Ph\u00f6nix\" width=\"240\" height=\"382\" \/><\/p>\n","protected":false},"excerpt":{"rendered":"<p>Die \u00dcberarbeitung von PH\u00d6NIX ist abgeschlossen &#8211; mein erster Roman im Bereich YA erscheint im Herbst bei ivi. Hier schon mal ein Vorgeschmack auf Inhalt und Cover &#8230; Die 15-j\u00e4hrige Callista und ihr 16-j\u00e4hriger Freund, der J\u00e4ger Lukan, leben in einem kleinen Dorf, deren Bewohner ein einfaches, b\u00e4uerliches Leben f\u00fchren. Tags\u00fcber scheint alles friedlich, doch [&hellip;]<\/p>\n","protected":false},"author":1,"featured_media":0,"comment_status":"closed","ping_status":"open","sticky":false,"template":"","format":"standard","meta":{"footnotes":""},"categories":[1],"tags":[],"class_list":["post-908","post","type-post","status-publish","format-standard","hentry","category-allgemein"],"_links":{"self":[{"href":"https:\/\/www.michael-peinkofer.de\/index.php?rest_route=\/wp\/v2\/posts\/908","targetHints":{"allow":["GET"]}}],"collection":[{"href":"https:\/\/www.michael-peinkofer.de\/index.php?rest_route=\/wp\/v2\/posts"}],"about":[{"href":"https:\/\/www.michael-peinkofer.de\/index.php?rest_route=\/wp\/v2\/types\/post"}],"author":[{"embeddable":true,"href":"https:\/\/www.michael-peinkofer.de\/index.php?rest_route=\/wp\/v2\/users\/1"}],"replies":[{"embeddable":true,"href":"https:\/\/www.michael-peinkofer.de\/index.php?rest_route=%2Fwp%2Fv2%2Fcomments&post=908"}],"version-history":[{"count":5,"href":"https:\/\/www.michael-peinkofer.de\/index.php?rest_route=\/wp\/v2\/posts\/908\/revisions"}],"predecessor-version":[{"id":915,"href":"https:\/\/www.michael-peinkofer.de\/index.php?rest_route=\/wp\/v2\/posts\/908\/revisions\/915"}],"wp:attachment":[{"href":"https:\/\/www.michael-peinkofer.de\/index.php?rest_route=%2Fwp%2Fv2%2Fmedia&parent=908"}],"wp:term":[{"taxonomy":"category","embeddable":true,"href":"https:\/\/www.michael-peinkofer.de\/index.php?rest_route=%2Fwp%2Fv2%2Fcategories&post=908"},{"taxonomy":"post_tag","embeddable":true,"href":"https:\/\/www.michael-peinkofer.de\/index.php?rest_route=%2Fwp%2Fv2%2Ftags&post=908"}],"curies":[{"name":"wp","href":"https:\/\/api.w.org\/{rel}","templated":true}]}}