{"id":787,"date":"2016-10-19T10:36:22","date_gmt":"2016-10-19T10:36:22","guid":{"rendered":"http:\/\/www.michael-peinkofer.de\/?p=787"},"modified":"2016-10-19T10:38:35","modified_gmt":"2016-10-19T10:38:35","slug":"galaktische-panne","status":"publish","type":"post","link":"https:\/\/www.michael-peinkofer.de\/?p=787","title":{"rendered":"Galaktische Panne"},"content":{"rendered":"<p>Dar\u00fcber \u00e4rgern sich Ben, Sammy und Mia: Aufgrund eines Fehlers beim Druck des siebten STERNENRITTER-Bandes verz\u00f6gert sich die Auslieferung um einige Tage, so dass TENTAKEL DES SCHRECKENS nicht wie angek\u00fcndigt zum 20. Oktober in den L\u00e4den sein wird. Als kleines Trostpflaster hier aber schon mal eines der Bilder aus dem neuen Band: Auf einem fremdartigen Planeten sto\u00dfen die Sternenritter auf einen verlassenen Frachter &#8211; und nehmen etwas mit, was sie mal lieber dort gelassen h\u00e4tten &#8230; Die Bilder stammen nat\u00fcrlich &#8211; wie in allen B\u00e4nden &#8211; wieder von Daniel Ernle.<\/p>\n<p><img loading=\"lazy\" decoding=\"async\" class=\"aligncenter wp-image-788\" src=\"https:\/\/www.michael-peinkofer.de\/wp-content\/uploads\/2016\/10\/STR7-300x142.jpg\" alt=\"STR7\" width=\"600\" height=\"284\" srcset=\"https:\/\/www.michael-peinkofer.de\/wp-content\/uploads\/2016\/10\/STR7-300x142.jpg 300w, https:\/\/www.michael-peinkofer.de\/wp-content\/uploads\/2016\/10\/STR7-768x363.jpg 768w, https:\/\/www.michael-peinkofer.de\/wp-content\/uploads\/2016\/10\/STR7-1024x485.jpg 1024w, https:\/\/www.michael-peinkofer.de\/wp-content\/uploads\/2016\/10\/STR7.jpg 1101w\" sizes=\"auto, (max-width: 600px) 100vw, 600px\" \/><\/p>\n","protected":false},"excerpt":{"rendered":"<p>Dar\u00fcber \u00e4rgern sich Ben, Sammy und Mia: Aufgrund eines Fehlers beim Druck des siebten STERNENRITTER-Bandes verz\u00f6gert sich die Auslieferung um einige Tage, so dass TENTAKEL DES SCHRECKENS nicht wie angek\u00fcndigt zum 20. Oktober in den L\u00e4den sein wird. Als kleines Trostpflaster hier aber schon mal eines der Bilder aus dem neuen Band: Auf einem fremdartigen [&hellip;]<\/p>\n","protected":false},"author":1,"featured_media":0,"comment_status":"closed","ping_status":"open","sticky":false,"template":"","format":"standard","meta":{"footnotes":""},"categories":[1],"tags":[],"class_list":["post-787","post","type-post","status-publish","format-standard","hentry","category-allgemein"],"_links":{"self":[{"href":"https:\/\/www.michael-peinkofer.de\/index.php?rest_route=\/wp\/v2\/posts\/787","targetHints":{"allow":["GET"]}}],"collection":[{"href":"https:\/\/www.michael-peinkofer.de\/index.php?rest_route=\/wp\/v2\/posts"}],"about":[{"href":"https:\/\/www.michael-peinkofer.de\/index.php?rest_route=\/wp\/v2\/types\/post"}],"author":[{"embeddable":true,"href":"https:\/\/www.michael-peinkofer.de\/index.php?rest_route=\/wp\/v2\/users\/1"}],"replies":[{"embeddable":true,"href":"https:\/\/www.michael-peinkofer.de\/index.php?rest_route=%2Fwp%2Fv2%2Fcomments&post=787"}],"version-history":[{"count":4,"href":"https:\/\/www.michael-peinkofer.de\/index.php?rest_route=\/wp\/v2\/posts\/787\/revisions"}],"predecessor-version":[{"id":792,"href":"https:\/\/www.michael-peinkofer.de\/index.php?rest_route=\/wp\/v2\/posts\/787\/revisions\/792"}],"wp:attachment":[{"href":"https:\/\/www.michael-peinkofer.de\/index.php?rest_route=%2Fwp%2Fv2%2Fmedia&parent=787"}],"wp:term":[{"taxonomy":"category","embeddable":true,"href":"https:\/\/www.michael-peinkofer.de\/index.php?rest_route=%2Fwp%2Fv2%2Fcategories&post=787"},{"taxonomy":"post_tag","embeddable":true,"href":"https:\/\/www.michael-peinkofer.de\/index.php?rest_route=%2Fwp%2Fv2%2Ftags&post=787"}],"curies":[{"name":"wp","href":"https:\/\/api.w.org\/{rel}","templated":true}]}}