{"id":526,"date":"2014-08-13T12:33:50","date_gmt":"2014-08-13T12:33:50","guid":{"rendered":"http:\/\/www.michael-peinkofer.de\/?p=526"},"modified":"2014-08-13T12:37:39","modified_gmt":"2014-08-13T12:37:39","slug":"die-konige-live","status":"publish","type":"post","link":"https:\/\/www.michael-peinkofer.de\/?p=526","title":{"rendered":"DIE K\u00c3\u2013NIGE live"},"content":{"rendered":"<p>An diesem Wochenende steigen in Saarbr\u00fccken zum f\u00fcnften Mal die <a title=\"https:\/\/www.mittelaltertage-sb.de\/\" href=\"https:\/\/www.mittelaltertage-sb.de\/\" target=\"_blank\">Phantasie- und Mittelalter-Tage<\/a> im Deutsch-Franz\u00f6sischen Garten. Darf wie schon im vergangenen Jahr bei diesem grandiosen Spektakel dabei sein und es durch eine Lesung aus DIE K\u00d6NIGE bereichern &#8211; am Sonntag, dem 17.08, um 13.00 Uhr auf dem Drachenwinkel-Platz. Freue mich auf Euer Kommen &#8211; und vielleicht sto\u00dfen ja auch wieder ein paar wilde Orks dazu &#8230;<\/p>\n","protected":false},"excerpt":{"rendered":"<p>An diesem Wochenende steigen in Saarbr\u00fccken zum f\u00fcnften Mal die Phantasie- und Mittelalter-Tage im Deutsch-Franz\u00f6sischen Garten. Darf wie schon im vergangenen Jahr bei diesem grandiosen Spektakel dabei sein und es durch eine Lesung aus DIE K\u00d6NIGE bereichern &#8211; am Sonntag, dem 17.08, um 13.00 Uhr auf dem Drachenwinkel-Platz. Freue mich auf Euer Kommen &#8211; und [&hellip;]<\/p>\n","protected":false},"author":1,"featured_media":0,"comment_status":"closed","ping_status":"open","sticky":false,"template":"","format":"standard","meta":{"footnotes":""},"categories":[1],"tags":[],"class_list":["post-526","post","type-post","status-publish","format-standard","hentry","category-allgemein"],"_links":{"self":[{"href":"https:\/\/www.michael-peinkofer.de\/index.php?rest_route=\/wp\/v2\/posts\/526","targetHints":{"allow":["GET"]}}],"collection":[{"href":"https:\/\/www.michael-peinkofer.de\/index.php?rest_route=\/wp\/v2\/posts"}],"about":[{"href":"https:\/\/www.michael-peinkofer.de\/index.php?rest_route=\/wp\/v2\/types\/post"}],"author":[{"embeddable":true,"href":"https:\/\/www.michael-peinkofer.de\/index.php?rest_route=\/wp\/v2\/users\/1"}],"replies":[{"embeddable":true,"href":"https:\/\/www.michael-peinkofer.de\/index.php?rest_route=%2Fwp%2Fv2%2Fcomments&post=526"}],"version-history":[{"count":3,"href":"https:\/\/www.michael-peinkofer.de\/index.php?rest_route=\/wp\/v2\/posts\/526\/revisions"}],"predecessor-version":[{"id":535,"href":"https:\/\/www.michael-peinkofer.de\/index.php?rest_route=\/wp\/v2\/posts\/526\/revisions\/535"}],"wp:attachment":[{"href":"https:\/\/www.michael-peinkofer.de\/index.php?rest_route=%2Fwp%2Fv2%2Fmedia&parent=526"}],"wp:term":[{"taxonomy":"category","embeddable":true,"href":"https:\/\/www.michael-peinkofer.de\/index.php?rest_route=%2Fwp%2Fv2%2Fcategories&post=526"},{"taxonomy":"post_tag","embeddable":true,"href":"https:\/\/www.michael-peinkofer.de\/index.php?rest_route=%2Fwp%2Fv2%2Ftags&post=526"}],"curies":[{"name":"wp","href":"https:\/\/api.w.org\/{rel}","templated":true}]}}