{"id":498,"date":"2014-05-08T07:42:15","date_gmt":"2014-05-08T07:42:15","guid":{"rendered":"http:\/\/www.michael-peinkofer.de\/?p=498"},"modified":"2014-05-08T07:45:57","modified_gmt":"2014-05-08T07:45:57","slug":"die-sternenritter-kommen","status":"publish","type":"post","link":"https:\/\/www.michael-peinkofer.de\/?p=498","title":{"rendered":"Die STERNENRITTER kommen!"},"content":{"rendered":"<p>Es ist soweit: Endlich darf ich was \u00fcber das Projekt erz\u00e4hlen, an dem ich zusammen mit Illustrator Daniel Ernle gearbeitet habe. Wir beide haben ja schon die PIRATTEN! auf gro\u00dfe Fahrt geschickt und die letzten zwei Jahre an einer neuen Kinderbuch-Serie f\u00fcr Carlsen gewerkelt. Nach der sonnigen Karibik geht es diesmal in den Weltraum: <a href=\"https:\/\/www.carlsen.de\/hardcover\/sternenritter-band-1-die-festung-im-all\/34968#Inhalt\" target=\"_blank\">STERNENRITTER<\/a> ist der Titel, und es geht um die Abenteuer dreier Kids, die in den Weiten der Galaxis spannende Abenteuer erleben &#8211; auf der Spur eines kosmischen R\u00e4tsels und im Kampf gegen den schurkischen Grafen Atrox und seine Robotroxe. Wir haben lange und intensiv nicht nur an der Story, sondern auch an den Designs gearbeitet, um unsere jungen Leser in ein ganz neues, phantastisches Universum zu entf\u00fchren. Start ist im August, und wir freuen uns schon riesig drauf!<\/p>\n<p><img loading=\"lazy\" decoding=\"async\" class=\"alignright size-medium wp-image-511\" title=\"Sternenritter1\" src=\"https:\/\/www.michael-peinkofer.de\/wp-content\/uploads\/2014\/05\/Sternenritter1-216x300.jpg\" alt=\"\" width=\"216\" height=\"300\" srcset=\"https:\/\/www.michael-peinkofer.de\/wp-content\/uploads\/2014\/05\/Sternenritter1-216x300.jpg 216w, https:\/\/www.michael-peinkofer.de\/wp-content\/uploads\/2014\/05\/Sternenritter1.jpg 480w\" sizes=\"auto, (max-width: 216px) 100vw, 216px\" \/><\/p>\n","protected":false},"excerpt":{"rendered":"<p>Es ist soweit: Endlich darf ich was \u00fcber das Projekt erz\u00e4hlen, an dem ich zusammen mit Illustrator Daniel Ernle gearbeitet habe. Wir beide haben ja schon die PIRATTEN! auf gro\u00dfe Fahrt geschickt und die letzten zwei Jahre an einer neuen Kinderbuch-Serie f\u00fcr Carlsen gewerkelt. Nach der sonnigen Karibik geht es diesmal in den Weltraum: STERNENRITTER [&hellip;]<\/p>\n","protected":false},"author":1,"featured_media":0,"comment_status":"closed","ping_status":"open","sticky":false,"template":"","format":"standard","meta":{"footnotes":""},"categories":[1],"tags":[],"class_list":["post-498","post","type-post","status-publish","format-standard","hentry","category-allgemein"],"_links":{"self":[{"href":"https:\/\/www.michael-peinkofer.de\/index.php?rest_route=\/wp\/v2\/posts\/498","targetHints":{"allow":["GET"]}}],"collection":[{"href":"https:\/\/www.michael-peinkofer.de\/index.php?rest_route=\/wp\/v2\/posts"}],"about":[{"href":"https:\/\/www.michael-peinkofer.de\/index.php?rest_route=\/wp\/v2\/types\/post"}],"author":[{"embeddable":true,"href":"https:\/\/www.michael-peinkofer.de\/index.php?rest_route=\/wp\/v2\/users\/1"}],"replies":[{"embeddable":true,"href":"https:\/\/www.michael-peinkofer.de\/index.php?rest_route=%2Fwp%2Fv2%2Fcomments&post=498"}],"version-history":[{"count":5,"href":"https:\/\/www.michael-peinkofer.de\/index.php?rest_route=\/wp\/v2\/posts\/498\/revisions"}],"predecessor-version":[{"id":514,"href":"https:\/\/www.michael-peinkofer.de\/index.php?rest_route=\/wp\/v2\/posts\/498\/revisions\/514"}],"wp:attachment":[{"href":"https:\/\/www.michael-peinkofer.de\/index.php?rest_route=%2Fwp%2Fv2%2Fmedia&parent=498"}],"wp:term":[{"taxonomy":"category","embeddable":true,"href":"https:\/\/www.michael-peinkofer.de\/index.php?rest_route=%2Fwp%2Fv2%2Fcategories&post=498"},{"taxonomy":"post_tag","embeddable":true,"href":"https:\/\/www.michael-peinkofer.de\/index.php?rest_route=%2Fwp%2Fv2%2Ftags&post=498"}],"curies":[{"name":"wp","href":"https:\/\/api.w.org\/{rel}","templated":true}]}}