{"id":2725,"date":"2026-03-16T16:43:47","date_gmt":"2026-03-16T15:43:47","guid":{"rendered":"https:\/\/www.michael-peinkofer.de\/?p=2725"},"modified":"2026-03-16T16:43:47","modified_gmt":"2026-03-16T15:43:47","slug":"saga-komplett","status":"publish","type":"post","link":"https:\/\/www.michael-peinkofer.de\/?p=2725","title":{"rendered":"Saga komplett!!"},"content":{"rendered":"\n<p>Die Neuauflage der SPLITTERWELTEN-Saga, die ich zusammen mit meinem Kollegen Christian Montillon (Perry Rhodan, Die drei ???) geschrieben habe, ist nun komplett erh\u00e4ltlich: Auch der dritte und abschlie\u00dfende Band dere Saga ist nun exklusiv bei <a href=\"https:\/\/www.amazon.de\/Splitterwelten-3-Flammenwind-Michael-Peinkofer-ebook\/dp\/B0GP38Q8QB?ref_=saga_dp_bnx_dsk_dp&amp;qid=1773675678&amp;sr=8-4\">amazon<\/a> erschienen, wie bei den anderen B\u00e4nden wahlweise als praktisches Paperback, edles Hardcover oder auch digital. Die Covergestaltung der Reihe hat Timo K\u00fcmmel \u00fcbernommen, mit dem ich auch schon bei TATORK zusammenarbeiten durfte.<\/p>\n\n\n\n<p>Wer mit der Levitatin Kalliope, dem Panthermann Croy, dem entlaufenen Sklaven Kieron und dem vorlauten Jago aufbrechen will, um das Geheimnis der Weltensplitter zu erforschen &#8211; hier ist die Gelegenheit! <\/p>\n\n\n\n<figure class=\"wp-block-image size-full\"><a href=\"https:\/\/www.michael-peinkofer.de\/wp-content\/uploads\/2026\/03\/Splitterwelten.jpg\"><img loading=\"lazy\" decoding=\"async\" width=\"843\" height=\"521\" src=\"https:\/\/www.michael-peinkofer.de\/wp-content\/uploads\/2026\/03\/Splitterwelten.jpg\" alt=\"\" class=\"wp-image-2726\" srcset=\"https:\/\/www.michael-peinkofer.de\/wp-content\/uploads\/2026\/03\/Splitterwelten.jpg 843w, https:\/\/www.michael-peinkofer.de\/wp-content\/uploads\/2026\/03\/Splitterwelten-300x185.jpg 300w, https:\/\/www.michael-peinkofer.de\/wp-content\/uploads\/2026\/03\/Splitterwelten-768x475.jpg 768w\" sizes=\"auto, (max-width: 843px) 100vw, 843px\" \/><\/a><\/figure>\n","protected":false},"excerpt":{"rendered":"<p>Die Neuauflage der SPLITTERWELTEN-Saga, die ich zusammen mit meinem Kollegen Christian Montillon (Perry Rhodan, Die drei ???) geschrieben habe, ist nun komplett erh\u00e4ltlich: Auch der dritte und abschlie\u00dfende Band dere Saga ist nun exklusiv bei amazon erschienen, wie bei den anderen B\u00e4nden wahlweise als praktisches Paperback, edles Hardcover oder auch digital. Die Covergestaltung der Reihe [&hellip;]<\/p>\n","protected":false},"author":1,"featured_media":0,"comment_status":"closed","ping_status":"open","sticky":false,"template":"","format":"standard","meta":{"footnotes":""},"categories":[1],"tags":[],"class_list":["post-2725","post","type-post","status-publish","format-standard","hentry","category-allgemein"],"_links":{"self":[{"href":"https:\/\/www.michael-peinkofer.de\/index.php?rest_route=\/wp\/v2\/posts\/2725","targetHints":{"allow":["GET"]}}],"collection":[{"href":"https:\/\/www.michael-peinkofer.de\/index.php?rest_route=\/wp\/v2\/posts"}],"about":[{"href":"https:\/\/www.michael-peinkofer.de\/index.php?rest_route=\/wp\/v2\/types\/post"}],"author":[{"embeddable":true,"href":"https:\/\/www.michael-peinkofer.de\/index.php?rest_route=\/wp\/v2\/users\/1"}],"replies":[{"embeddable":true,"href":"https:\/\/www.michael-peinkofer.de\/index.php?rest_route=%2Fwp%2Fv2%2Fcomments&post=2725"}],"version-history":[{"count":1,"href":"https:\/\/www.michael-peinkofer.de\/index.php?rest_route=\/wp\/v2\/posts\/2725\/revisions"}],"predecessor-version":[{"id":2727,"href":"https:\/\/www.michael-peinkofer.de\/index.php?rest_route=\/wp\/v2\/posts\/2725\/revisions\/2727"}],"wp:attachment":[{"href":"https:\/\/www.michael-peinkofer.de\/index.php?rest_route=%2Fwp%2Fv2%2Fmedia&parent=2725"}],"wp:term":[{"taxonomy":"category","embeddable":true,"href":"https:\/\/www.michael-peinkofer.de\/index.php?rest_route=%2Fwp%2Fv2%2Fcategories&post=2725"},{"taxonomy":"post_tag","embeddable":true,"href":"https:\/\/www.michael-peinkofer.de\/index.php?rest_route=%2Fwp%2Fv2%2Ftags&post=2725"}],"curies":[{"name":"wp","href":"https:\/\/api.w.org\/{rel}","templated":true}]}}