{"id":2460,"date":"2023-10-30T17:00:57","date_gmt":"2023-10-30T16:00:57","guid":{"rendered":"https:\/\/www.michael-peinkofer.de\/?p=2460"},"modified":"2023-10-30T17:00:57","modified_gmt":"2023-10-30T16:00:57","slug":"cover-reveal-2","status":"publish","type":"post","link":"https:\/\/www.michael-peinkofer.de\/?p=2460","title":{"rendered":"*** Cover-Reveal ***"},"content":{"rendered":"\n<p>Der zweite Band der neuen ORKS-Trilogie ist gerade erst in den Handel gekommen, da wirft das n\u00e4chste Abenteuer von Balbok und Rammar schon seine Schatten voraus: Mit DIE KRONE DER ORKS bekommt die Saga um die Neue Welt im n\u00e4chsten Jahr ihren &#8211; \u00e4h &#8211; kr\u00f6nenden  Abschluss: Ab 2.4.24 wird das gute St\u00fcck im Buchhandel erh\u00e4ltlich sein! Hier schon mal einen Blick auf das neue Cover, das sich mit den beiden anderen zum schicken &#8222;Cinemascope&#8220;-Cover erg\u00e4nzt &#8230;<\/p>\n\n\n\n<figure class=\"wp-block-image size-full\"><a href=\"https:\/\/www.michael-peinkofer.de\/wp-content\/uploads\/2023\/10\/Reveal_Peinkofer_2.jpg\"><img loading=\"lazy\" decoding=\"async\" width=\"1000\" height=\"1000\" src=\"https:\/\/www.michael-peinkofer.de\/wp-content\/uploads\/2023\/10\/Reveal_Peinkofer_2.jpg\" alt=\"\" class=\"wp-image-2461\" srcset=\"https:\/\/www.michael-peinkofer.de\/wp-content\/uploads\/2023\/10\/Reveal_Peinkofer_2.jpg 1000w, https:\/\/www.michael-peinkofer.de\/wp-content\/uploads\/2023\/10\/Reveal_Peinkofer_2-300x300.jpg 300w, https:\/\/www.michael-peinkofer.de\/wp-content\/uploads\/2023\/10\/Reveal_Peinkofer_2-150x150.jpg 150w, https:\/\/www.michael-peinkofer.de\/wp-content\/uploads\/2023\/10\/Reveal_Peinkofer_2-768x768.jpg 768w\" sizes=\"auto, (max-width: 1000px) 100vw, 1000px\" \/><\/a><\/figure>\n","protected":false},"excerpt":{"rendered":"<p>Der zweite Band der neuen ORKS-Trilogie ist gerade erst in den Handel gekommen, da wirft das n\u00e4chste Abenteuer von Balbok und Rammar schon seine Schatten voraus: Mit DIE KRONE DER ORKS bekommt die Saga um die Neue Welt im n\u00e4chsten Jahr ihren &#8211; \u00e4h &#8211; kr\u00f6nenden Abschluss: Ab 2.4.24 wird das gute St\u00fcck im Buchhandel [&hellip;]<\/p>\n","protected":false},"author":1,"featured_media":0,"comment_status":"closed","ping_status":"open","sticky":false,"template":"","format":"standard","meta":{"footnotes":""},"categories":[1],"tags":[],"class_list":["post-2460","post","type-post","status-publish","format-standard","hentry","category-allgemein"],"_links":{"self":[{"href":"https:\/\/www.michael-peinkofer.de\/index.php?rest_route=\/wp\/v2\/posts\/2460","targetHints":{"allow":["GET"]}}],"collection":[{"href":"https:\/\/www.michael-peinkofer.de\/index.php?rest_route=\/wp\/v2\/posts"}],"about":[{"href":"https:\/\/www.michael-peinkofer.de\/index.php?rest_route=\/wp\/v2\/types\/post"}],"author":[{"embeddable":true,"href":"https:\/\/www.michael-peinkofer.de\/index.php?rest_route=\/wp\/v2\/users\/1"}],"replies":[{"embeddable":true,"href":"https:\/\/www.michael-peinkofer.de\/index.php?rest_route=%2Fwp%2Fv2%2Fcomments&post=2460"}],"version-history":[{"count":1,"href":"https:\/\/www.michael-peinkofer.de\/index.php?rest_route=\/wp\/v2\/posts\/2460\/revisions"}],"predecessor-version":[{"id":2462,"href":"https:\/\/www.michael-peinkofer.de\/index.php?rest_route=\/wp\/v2\/posts\/2460\/revisions\/2462"}],"wp:attachment":[{"href":"https:\/\/www.michael-peinkofer.de\/index.php?rest_route=%2Fwp%2Fv2%2Fmedia&parent=2460"}],"wp:term":[{"taxonomy":"category","embeddable":true,"href":"https:\/\/www.michael-peinkofer.de\/index.php?rest_route=%2Fwp%2Fv2%2Fcategories&post=2460"},{"taxonomy":"post_tag","embeddable":true,"href":"https:\/\/www.michael-peinkofer.de\/index.php?rest_route=%2Fwp%2Fv2%2Ftags&post=2460"}],"curies":[{"name":"wp","href":"https:\/\/api.w.org\/{rel}","templated":true}]}}